{"id":5533,"date":"2025-12-24T10:46:43","date_gmt":"2025-12-24T09:46:43","guid":{"rendered":"https:\/\/www.gabrielaresti.eus\/?p=5533"},"modified":"2026-01-01T21:20:50","modified_gmt":"2026-01-01T20:20:50","slug":"que-cumplamos-otros-30","status":"publish","type":"post","link":"https:\/\/www.gabrielaresti.eus\/es\/5533\/que-cumplamos-otros-30\/","title":{"rendered":"\u00a1Que cumplamos otros 30 a\u00f1os m\u00e1s!"},"content":{"rendered":"<p>Aurten 30 urte bete ditu, Kafe Antzokiarekin batera, gure euskaltegiaren Done Bikendi kaleko egoitza nagusiak ere. Gure ekimen guztiak euskaltegiaz askoz harago eta gehiago egitera bideratu ditugu 30 urteotan: euskara ikasteaz gain, bilbotarrei euskara erabiltzeko aukerak ematea izan da gure zeregina.<\/p>\n<p>Al igual que el Kafe Antzokia, este a\u00f1o tambi\u00e9n ha cumplido 30 a\u00f1os nuestra actual sede principal de la calle Done Bikendi, y es que en este edificio hemos desarrollado muchas iniciativas durante estas tres decadas, con el objetivo de hacer, como dice nuestro lema, \u00abmas que un euskaltegi\u00bb: crear oportunidades de inmersi\u00f3n y uso en el euskera para las gentes de Bilbao, adem\u00e1s de, simplemente, ense\u00f1ar euskera.<\/p>\n<p>La necesidad de ir m\u00e1s all\u00e1 surgi\u00f3 a principios de la d\u00e9cada de 1990, de la constataci\u00f3n por parte de\u00a0 del profesorado del euskaltegi Gabriel Aresti de que no bastaba con las clases de euskera si luego l@s alumn@s no ten\u00edan donde-cu\u00e1ndo-con qui\u00e9n practicar la lengua en situaciones reales de conversaci\u00f3n.<\/p>\n<p>Gabriel Aresti euskaltegiko irakasleen egiaztapen eta gogoetatik ondorioztatu zen euskaltegia baino gehiago izatearen beharra, helduen euskalduntzeaz harago joatearena, ikasleek euskaltegietan euskaldundu arren, gero ez zutelako non-noiz-norekin euskaraz jardun, elkarrizketa egoera errealetan.<\/p>\n<p>Aquel fue el punto de partida de Zenbat Gara: la necesidad de crear lugares y momentos en los que relacionarse en euskera de forma natural. Adem\u00e1s en el centro de Bilbao, una zona que para el euskera era ajena y a en la que a las personas vascoparlantes se les hac\u00eda tambi\u00e9n dificil ir hablando su lengua. Precisamente en esa zona de Abando se situ\u00f3 la iniciativa de Zenbat Gara, con el objetivo de darle centralidad y dignidad a la lengua vasca.<\/p>\n<p>As\u00ed se cre\u00f3 el\u00a0<a href=\"http:\/\/www.kafeantzokia.eus\/\" target=\"_blank\" rel=\"noopener\" data-cke-saved-href=\"http:\/\/www.kafeantzokia.eus\/\">Kafe Antzokia<\/a> en 1995, aunque ya antes se hab\u00edan puesto en marcha los barnetegis en <a href=\"http:\/\/www.bakaiku.net\/\" target=\"_blank\" rel=\"noopener\" data-cke-saved-href=\"http:\/\/www.bakaiku.net\/\">Bakaikuko etxea<\/a> y la comparsa <a href=\"https:\/\/www.algara.eus\/\" target=\"_blank\" rel=\"noopener\" data-cke-saved-href=\"https:\/\/www.algara.eus\/\">Algara<\/a>, y de la misma manera se pusieron en marcha otros posteriores como <a href=\"https:\/\/www.bilbohiria.eus\/\" target=\"_blank\" rel=\"noopener\" data-cke-saved-href=\"https:\/\/www.bilbohiria.eus\/\">Bilbo Hiria Irratia<\/a>, la editorial <a href=\"https:\/\/www.erroa.eus\/\" target=\"_blank\" rel=\"noopener\" data-cke-saved-href=\"https:\/\/www.erroa.eus\/\">Erroa<\/a> y las iniciativas infantiles y juveniles <a href=\"http:\/\/www.kurkuluxetan.eus\/\" target=\"_blank\" rel=\"noopener\" data-cke-saved-href=\"http:\/\/www.kurkuluxetan.eus\/\">Kurkuluxetan<\/a> y\u00a0<a href=\"http:\/\/www.gazteola.eus\/\" target=\"_blank\" rel=\"noopener\" data-cke-saved-href=\"http:\/\/www.gazteola.eus\/\">Gazteola<\/a>, por mencionar algunas.\u00a0Todas ellas, cada una en su \u00e1mbito, fueron creadas con los mismos objetivos: compactar la comunidad vascoparlante de Bilbao y hacer que tod@s l@s vascohablantes sean hablantes y agentes activ@s y tanto receptores como emisores de la creaci\u00f3n en nuestra lengua.<\/p>\n<p>En todos estos a\u00f1os la nuestra ha devenido una casa viva del euskera y esperamos que cumpla otros treinta y muchos m\u00e1s, ense\u00f1ando euskera y creando oportunidades para utilizarlo.<\/p>\n","protected":false},"excerpt":{"rendered":"<p>Aurten 30 urte bete ditu, Kafe Antzokiarekin batera, gure euskaltegiaren Done Bikendi kaleko egoitza nagusiak ere. Gure ekimen guztiak euskaltegiaz askoz harago eta gehiago egitera bideratu ditugu 30 urteotan: euskara ikasteaz gain, bilbotarrei euskara erabiltzeko aukerak ematea izan da gure zeregina. Al igual que el Kafe Antzokia, este a\u00f1o tambi\u00e9n ha cumplido 30 a\u00f1os nuestra [&hellip;]<\/p>\n","protected":false},"author":1,"featured_media":5531,"comment_status":"closed","ping_status":"open","sticky":false,"template":"","format":"standard","meta":{"footnotes":""},"categories":[2],"tags":[],"class_list":["post-5533","post","type-post","status-publish","format-standard","has-post-thumbnail","hentry","category-noticias"],"aioseo_notices":[],"_links":{"self":[{"href":"https:\/\/www.gabrielaresti.eus\/es\/wp-json\/wp\/v2\/posts\/5533","targetHints":{"allow":["GET"]}}],"collection":[{"href":"https:\/\/www.gabrielaresti.eus\/es\/wp-json\/wp\/v2\/posts"}],"about":[{"href":"https:\/\/www.gabrielaresti.eus\/es\/wp-json\/wp\/v2\/types\/post"}],"author":[{"embeddable":true,"href":"https:\/\/www.gabrielaresti.eus\/es\/wp-json\/wp\/v2\/users\/1"}],"replies":[{"embeddable":true,"href":"https:\/\/www.gabrielaresti.eus\/es\/wp-json\/wp\/v2\/comments?post=5533"}],"version-history":[{"count":3,"href":"https:\/\/www.gabrielaresti.eus\/es\/wp-json\/wp\/v2\/posts\/5533\/revisions"}],"predecessor-version":[{"id":5536,"href":"https:\/\/www.gabrielaresti.eus\/es\/wp-json\/wp\/v2\/posts\/5533\/revisions\/5536"}],"wp:featuredmedia":[{"embeddable":true,"href":"https:\/\/www.gabrielaresti.eus\/es\/wp-json\/wp\/v2\/media\/5531"}],"wp:attachment":[{"href":"https:\/\/www.gabrielaresti.eus\/es\/wp-json\/wp\/v2\/media?parent=5533"}],"wp:term":[{"taxonomy":"category","embeddable":true,"href":"https:\/\/www.gabrielaresti.eus\/es\/wp-json\/wp\/v2\/categories?post=5533"},{"taxonomy":"post_tag","embeddable":true,"href":"https:\/\/www.gabrielaresti.eus\/es\/wp-json\/wp\/v2\/tags?post=5533"}],"curies":[{"name":"wp","href":"https:\/\/api.w.org\/{rel}","templated":true}]}}