{"id":4552,"date":"2024-06-05T12:25:50","date_gmt":"2024-06-05T11:25:50","guid":{"rendered":"https:\/\/www.gabrielaresti.eus\/?p=4552"},"modified":"2024-06-05T12:25:50","modified_gmt":"2024-06-05T11:25:50","slug":"concilia-con-tus-hijs-tus-cursos-de-euskera-en-verano","status":"publish","type":"post","link":"https:\/\/www.gabrielaresti.eus\/es\/4552\/concilia-con-tus-hijs-tus-cursos-de-euskera-en-verano\/","title":{"rendered":"Concilia con tus hij@s tus cursos de euskera en verano"},"content":{"rendered":"<p>Si te matriculas en el euskaltegi Gabriel Aresti en verano, en el horario de 8.30-14.00 (<a href=\"https:\/\/www.gabrielaresti.eus\/es\/opciones\/cursos-intensivos-verano\/\">cursos intensivos de euskera de verano<\/a>), tus ni\u00f1@s tendr\u00e1n un 10% de descuento en las matr\u00edculas de <a href=\"https:\/\/www.gazteola.eus\/campus-koloniak\/uda\/\" target=\"_blank\" rel=\"noopener\">campus y cursos de Gazteola<\/a>. La coincidencia horaria de ambos hace que sea una opci\u00f3n interesante para garantizar que los padres y madres puedan aprender euskera mientras tus hij@s se divierten toda la ma\u00f1ana en euskera. M\u00e1s informaci\u00f3n <a href=\"https:\/\/www.gabrielaresti.eus\/es\/contacto\/\">en nuestra oficina<\/a>.<\/p>\n","protected":false},"excerpt":{"rendered":"<p>Si te matriculas en el euskaltegi Gabriel Aresti en verano, en el horario de 8.30-14.00 (cursos intensivos de euskera de verano), tus ni\u00f1@s tendr\u00e1n un 10% de descuento en las matr\u00edculas de campus y cursos de Gazteola. La coincidencia horaria de ambos hace que sea una opci\u00f3n interesante para garantizar que los padres y madres [&hellip;]<\/p>\n","protected":false},"author":1,"featured_media":4499,"comment_status":"closed","ping_status":"open","sticky":false,"template":"","format":"standard","meta":{"footnotes":""},"categories":[2],"tags":[87],"class_list":["post-4552","post","type-post","status-publish","format-standard","has-post-thumbnail","hentry","category-noticias","tag-cursos-de-verano"],"aioseo_notices":[],"_links":{"self":[{"href":"https:\/\/www.gabrielaresti.eus\/es\/wp-json\/wp\/v2\/posts\/4552","targetHints":{"allow":["GET"]}}],"collection":[{"href":"https:\/\/www.gabrielaresti.eus\/es\/wp-json\/wp\/v2\/posts"}],"about":[{"href":"https:\/\/www.gabrielaresti.eus\/es\/wp-json\/wp\/v2\/types\/post"}],"author":[{"embeddable":true,"href":"https:\/\/www.gabrielaresti.eus\/es\/wp-json\/wp\/v2\/users\/1"}],"replies":[{"embeddable":true,"href":"https:\/\/www.gabrielaresti.eus\/es\/wp-json\/wp\/v2\/comments?post=4552"}],"version-history":[{"count":6,"href":"https:\/\/www.gabrielaresti.eus\/es\/wp-json\/wp\/v2\/posts\/4552\/revisions"}],"predecessor-version":[{"id":4558,"href":"https:\/\/www.gabrielaresti.eus\/es\/wp-json\/wp\/v2\/posts\/4552\/revisions\/4558"}],"wp:featuredmedia":[{"embeddable":true,"href":"https:\/\/www.gabrielaresti.eus\/es\/wp-json\/wp\/v2\/media\/4499"}],"wp:attachment":[{"href":"https:\/\/www.gabrielaresti.eus\/es\/wp-json\/wp\/v2\/media?parent=4552"}],"wp:term":[{"taxonomy":"category","embeddable":true,"href":"https:\/\/www.gabrielaresti.eus\/es\/wp-json\/wp\/v2\/categories?post=4552"},{"taxonomy":"post_tag","embeddable":true,"href":"https:\/\/www.gabrielaresti.eus\/es\/wp-json\/wp\/v2\/tags?post=4552"}],"curies":[{"name":"wp","href":"https:\/\/api.w.org\/{rel}","templated":true}]}}