{"id":2331,"date":"2020-04-06T13:31:04","date_gmt":"2020-04-06T12:31:04","guid":{"rendered":"https:\/\/www.gabrielaresti.eus\/?p=2331"},"modified":"2020-04-06T13:31:04","modified_gmt":"2020-04-06T12:31:04","slug":"eskerrik-asko-por-seguir-aprendiendo-euskera","status":"publish","type":"post","link":"https:\/\/www.gabrielaresti.eus\/es\/2331\/eskerrik-asko-por-seguir-aprendiendo-euskera\/","title":{"rendered":"Eskerrik asko por seguir aprendiendo euskera!"},"content":{"rendered":"<p>Ya hemos cumplido tres semanas desde que el coronavirus nos oblig\u00f3 a confinarnos en casa, y no est\u00e1 siendo f\u00e1cil. Sin embargo, la mayor\u00eda continu\u00e1is aprendiendo euskera, intentando amoldaros a esta situaci\u00f3n como pod\u00e9is. Sabemos que est\u00e1is haciendo un gran esfuerzo, y por ello os queremos dar las gracias: Eskerrik asko! Todos y todas las compa\u00f1eras del euskaltegi Gabriel Aresti tambi\u00e9n estamos tratando de dar lo mejor para ayudaros en vuestro proceso, y estamos seguros\/as de que a pesar de la situaci\u00f3n, seguir\u00e9is avanzando.<br \/>\nPor otro lado, tambi\u00e9n sabemos que en algunos casos est\u00e1 siendo muy dif\u00edcil seguir las clases y din\u00e1micas que los\/as profesores\/as os proponemos, por el teletrabajo, por vuestros\/as hijos\/as&#8230; Animo!<br \/>\nEst\u00e9is en la situaci\u00f3n en la que est\u00e9is, queremos mandaros un abrazo muy fuerte a todos\/as vosotros\/as y a vuestras familias. Esperamos reencontrarnos dentro de pocas semanas de nuevo en el euskaltegi.<br \/>\nPor \u00faltimo, os queremos recordar que os pod\u00e9is \u00a0poner en contacto con nosotras\/os en nuestro tel\u00e9fono habitual (94 423 7591) de 9:30 a 14:00. En todo caso, os seguiremos teniendo informadas\/os durante las pr\u00f3ximas semanas.<\/p>\n<p>Mila esker, biba zuek eta laster arte!<\/p>\n","protected":false},"excerpt":{"rendered":"<p>Ya hemos cumplido tres semanas desde que el coronavirus nos oblig\u00f3 a confinarnos en casa, y no est\u00e1 siendo f\u00e1cil. Sin embargo, la mayor\u00eda continu\u00e1is aprendiendo euskera, intentando amoldaros a esta situaci\u00f3n como pod\u00e9is. Sabemos que est\u00e1is haciendo un gran esfuerzo, y por ello os queremos dar las gracias: Eskerrik asko! Todos y todas las [&hellip;]<\/p>\n","protected":false},"author":6,"featured_media":1859,"comment_status":"closed","ping_status":"open","sticky":false,"template":"","format":"standard","meta":{"footnotes":""},"categories":[2],"tags":[],"class_list":["post-2331","post","type-post","status-publish","format-standard","has-post-thumbnail","hentry","category-noticias"],"aioseo_notices":[],"_links":{"self":[{"href":"https:\/\/www.gabrielaresti.eus\/es\/wp-json\/wp\/v2\/posts\/2331","targetHints":{"allow":["GET"]}}],"collection":[{"href":"https:\/\/www.gabrielaresti.eus\/es\/wp-json\/wp\/v2\/posts"}],"about":[{"href":"https:\/\/www.gabrielaresti.eus\/es\/wp-json\/wp\/v2\/types\/post"}],"author":[{"embeddable":true,"href":"https:\/\/www.gabrielaresti.eus\/es\/wp-json\/wp\/v2\/users\/6"}],"replies":[{"embeddable":true,"href":"https:\/\/www.gabrielaresti.eus\/es\/wp-json\/wp\/v2\/comments?post=2331"}],"version-history":[{"count":3,"href":"https:\/\/www.gabrielaresti.eus\/es\/wp-json\/wp\/v2\/posts\/2331\/revisions"}],"predecessor-version":[{"id":2336,"href":"https:\/\/www.gabrielaresti.eus\/es\/wp-json\/wp\/v2\/posts\/2331\/revisions\/2336"}],"wp:featuredmedia":[{"embeddable":true,"href":"https:\/\/www.gabrielaresti.eus\/es\/wp-json\/wp\/v2\/media\/1859"}],"wp:attachment":[{"href":"https:\/\/www.gabrielaresti.eus\/es\/wp-json\/wp\/v2\/media?parent=2331"}],"wp:term":[{"taxonomy":"category","embeddable":true,"href":"https:\/\/www.gabrielaresti.eus\/es\/wp-json\/wp\/v2\/categories?post=2331"},{"taxonomy":"post_tag","embeddable":true,"href":"https:\/\/www.gabrielaresti.eus\/es\/wp-json\/wp\/v2\/tags?post=2331"}],"curies":[{"name":"wp","href":"https:\/\/api.w.org\/{rel}","templated":true}]}}