{"id":2230,"date":"2020-02-10T12:43:21","date_gmt":"2020-02-10T11:43:21","guid":{"rendered":"https:\/\/www.gabrielaresti.eus\/?p=2230"},"modified":"2020-02-17T17:47:23","modified_gmt":"2020-02-17T16:47:23","slug":"barnetegis-en-bakaiku-y-bilbo-en-la-semana-santa-de-2020","status":"publish","type":"post","link":"https:\/\/www.gabrielaresti.eus\/es\/2230\/barnetegis-en-bakaiku-y-bilbo-en-la-semana-santa-de-2020\/","title":{"rendered":"Barnetegis en Bakaiku y Bilbo en la Semana Santa de 2020"},"content":{"rendered":"<p>Los <em>barnetegis<\/em> son cursos de euskara en r\u00e9gimen de internado. Si realmente se desea dominar un idioma con soltura y seguridad, es necesario realizar un proceso de inmersi\u00f3n en la lengua y entrar en contacto con hablantes reales en situaciones comunicativas reales. Los barnetegis organizados por el euskaltegi Gabriel Aresti te dan la oportunidad de vivir en euskera durante unos d\u00edas las 24 horas del d\u00eda en entornos y ambientes euskaldunes. Nuestro euskaltegi organiza bernetegis y estancias especiales durante todo el a\u00f1o. En la <strong>Semana Santa de<\/strong> <strong>2020<\/strong> estas son las <strong>opciones<\/strong>:<\/p>\n<p><strong>Barnetegis en Bakaiku<\/strong><br \/>\nNuestro euskaltegi organiza numerosos internados en <a href=\"http:\/\/www.bakaiku.net\" target=\"_blank\" rel=\"noopener noreferrer\">la casa de Bakaiku<\/a>,\u00a0un hermoso caser\u00edo situado en Nafarroa, en la Sakana, entre la sierra de Aralar y la sierra de Urbasa, reformado en 2014 y dotado de un moderno equipamiento. En los barnetegis, adem\u00e1s de recibir clases y convivir en euskera, nuestros\/as alumnos\/as realizan gran n\u00famero de excursiones, visitas guiadas y actividades que les dan a conocer aspectos relevantes de la cultura vasca y les ayudan en su proceso de aprendizaje. Para quienes tiene intenci\u00f3n de preparar un examen oficial el barnetegi de Bakaiku tambi\u00e9n es una opci\u00f3n muy adecuada, ya que tanto las clases como todas las actividades que proponemos est\u00e1n pensadas para poner en pr\u00e1ctica todo lo aprendido y continuar aprendiendo euskera de manera natural: continuamente se trabaja la comprensi\u00f3n; se interiorizan m\u00e1s naturalmente los conceptos adquiridos, en contextos reales; y se adquiere naturalidad y fluidez en la expresi\u00f3n, y todo esto es precisamente lo que se exige en las pruebas oficiales.<\/p>\n<p><strong>Programa<\/strong><br \/>\n-A partir del 9 de abril: clases de 8:30 a 14:00 y clases y\/o excursiones, talleres, trabajo personal&#8230; de 15:30 a 18:30<br \/>\n-En cada tanda se realizar\u00e1n 3 redacciones (en el 1\u00ba, 2\u00ba y 4\u00ba d\u00eda).<br \/>\n-En las horas de clase se realizar\u00e1 pr\u00e1ctica de expresi\u00f3n oral controlada<em>. <\/em>En el resto de horas se realizar\u00e1 expresi\u00f3n oral libre.<\/p>\n<p><strong>Informaci\u00f3n importante<\/strong><br \/>\n-Viaje de ida y vuelta: cada alumno\/a lo har\u00e1 por su cuenta.<br \/>\n-Comida: en el caso de tener alguna necesidad especial (intolerancias, alergias&#8230;), es necesario hacerlo saber en nuestra oficina con antelaci\u00f3n. De lo contrario, no se podr\u00e1 tener en cuenta.<br \/>\n-Para asegurar el descanso, a partir de las 00:00 se pedir\u00e1 silencio absoluto en la casa.<br \/>\n-Se seguir\u00e1 la programaci\u00f3n preparada por el euskaltegi.<\/p>\n<p>Estas son las <strong>opciones y precios para la Semana Santa y Semana de Pascua de 2020 <\/strong>en <strong>Bakaiku (con pernocta)<\/strong>:<\/p>\n<ul>\n<li><strong>Del 8 (19:30) al 18 de abril <\/strong>(10 d\u00edas): a partir de 475\u20ac<\/li>\n<li><strong>Del 8<\/strong><strong> (19:30) al 13 de abril <\/strong>(5 d\u00edas): a partir de 270\u20ac<\/li>\n<li><strong>Del 13 (19:30) al 18 de abril\u00a0 <\/strong>(5 d\u00edas): a partit de 270\u20ac<\/li>\n<\/ul>\n<p>Para quienes viven en las inmediaciones de Bakaiku y prefieren pernoctar en casa, tambi\u00e9n ofrecemos esa opci\u00f3n.<\/p>\n<p><strong>Barnetegi en Bilbao<br \/>\n<\/strong>Los barnetegis de d\u00eda para adultos en Bilbao son en r\u00e9gimen de externado, es decir, con todas las dem\u00e1s caracter\u00edsticas de los barnetegis pero sin pernocta. Adem\u00e1s de las clases, tambi\u00e9n se realizan actividades varias, para seguir aprendiendo euskera de manera natural y conocer mejor la cultura vasca, adem\u00e1s de disfrutar del proceso de aprendizaje. La comida es en el <a href=\"http:\/\/www.kafeantzokia.eus\/\" target=\"_blank\" rel=\"noopener\">Kafe Antzokia<\/a> de Bilbao.<\/p>\n<p><b>Programa<br \/>\n<\/b>-Clases de 8:30 a 14:00 y de 15:30 a 18:30 (el 18 de abriel de 8:30 a 14:00)<br \/>\n-Se realizar\u00e1n\u00a03 redacciones (en el 1\u00ba, 2\u00ba y 4\u00ba d\u00eda).<br \/>\n-En las horas de clase se realizar\u00e1 pr\u00e1ctica de expresi\u00f3n oral controlada<em>. <\/em>En el resto de horas se realizar\u00e1 expresi\u00f3n oral libre.<\/p>\n<p><strong>Informaci\u00f3n importante<\/strong><br \/>\n-Comida: en el caso de tener alguna necesidad especial (intolerancias, alergias&#8230;), es necesario hacerlo saber en nuestra oficina con antelaci\u00f3n. De lo contrario, no se podr\u00e1 tener en cuenta.<br \/>\n-La puntualidad es muy importante.<br \/>\n-Se seguir\u00e1 la programaci\u00f3n preparada por el euskaltegi.<\/p>\n<p>Estas son las fechas y precio del barnetegi de Bilbao en la <strong>Semana de Pascua de 2020<\/strong>:<\/p>\n<ul>\n<li><strong>Del 14 al 18 de abril <\/strong>(5 d\u00edas): 225\u20ac<\/li>\n<\/ul>\n<p>Tanto en los barnetegis de Bakaiku como en el de Bilbao nuestras alumnas y alumnos tendr\u00e1n un 5% de descuento. Para m\u00e1s infromaci\u00f3n y realizar la matr\u00edcula, acude a nuestra oficina (San Vicente 2, 4\u00ba piso 48001 Bilbo). Tambi\u00e9n puedes hacer la matr\u00edcula online, <a href=\"https:\/\/matrikula.gabrielaresti.eus\/\">aqu\u00ed<\/a>. Por otro lado, recuerda que el nivel m\u00ednimo para cursar un bernetegi es A2A2.<\/p>\n[mk_button corner_style=\u00bbrounded\u00bb size=\u00bbmedium\u00bb letter_spacing=\u00bb2&#8243; icon=\u00bbmk-icon-thumbs-up\u00bb icon_anim=\u00bbside\u00bb url=\u00bbhttps:\/\/matrikula.gabrielaresti.eus\/\u00bb align=\u00bbcenter\u00bb animation=\u00bbflip-x\u00bb target=\u00bb_blank\u00bb]Matrikula egin[\/mk_button]\n","protected":false},"excerpt":{"rendered":"<p>Los barnetegis son cursos de euskara en r\u00e9gimen de internado. Si realmente se desea dominar un idioma con soltura y seguridad, es necesario realizar un proceso de inmersi\u00f3n en la lengua y entrar en contacto con hablantes reales en situaciones comunicativas reales. Los barnetegis organizados por el euskaltegi Gabriel Aresti te dan la oportunidad de [&hellip;]<\/p>\n","protected":false},"author":6,"featured_media":2247,"comment_status":"closed","ping_status":"open","sticky":false,"template":"","format":"standard","meta":{"footnotes":""},"categories":[2],"tags":[],"class_list":["post-2230","post","type-post","status-publish","format-standard","has-post-thumbnail","hentry","category-noticias"],"aioseo_notices":[],"_links":{"self":[{"href":"https:\/\/www.gabrielaresti.eus\/es\/wp-json\/wp\/v2\/posts\/2230","targetHints":{"allow":["GET"]}}],"collection":[{"href":"https:\/\/www.gabrielaresti.eus\/es\/wp-json\/wp\/v2\/posts"}],"about":[{"href":"https:\/\/www.gabrielaresti.eus\/es\/wp-json\/wp\/v2\/types\/post"}],"author":[{"embeddable":true,"href":"https:\/\/www.gabrielaresti.eus\/es\/wp-json\/wp\/v2\/users\/6"}],"replies":[{"embeddable":true,"href":"https:\/\/www.gabrielaresti.eus\/es\/wp-json\/wp\/v2\/comments?post=2230"}],"version-history":[{"count":7,"href":"https:\/\/www.gabrielaresti.eus\/es\/wp-json\/wp\/v2\/posts\/2230\/revisions"}],"predecessor-version":[{"id":2258,"href":"https:\/\/www.gabrielaresti.eus\/es\/wp-json\/wp\/v2\/posts\/2230\/revisions\/2258"}],"wp:featuredmedia":[{"embeddable":true,"href":"https:\/\/www.gabrielaresti.eus\/es\/wp-json\/wp\/v2\/media\/2247"}],"wp:attachment":[{"href":"https:\/\/www.gabrielaresti.eus\/es\/wp-json\/wp\/v2\/media?parent=2230"}],"wp:term":[{"taxonomy":"category","embeddable":true,"href":"https:\/\/www.gabrielaresti.eus\/es\/wp-json\/wp\/v2\/categories?post=2230"},{"taxonomy":"post_tag","embeddable":true,"href":"https:\/\/www.gabrielaresti.eus\/es\/wp-json\/wp\/v2\/tags?post=2230"}],"curies":[{"name":"wp","href":"https:\/\/api.w.org\/{rel}","templated":true}]}}